{"id":8012,"date":"2023-04-27T08:35:03","date_gmt":"2023-04-27T06:35:03","guid":{"rendered":"https:\/\/amenageurs-med.org\/?p=8012"},"modified":"2023-04-27T12:35:53","modified_gmt":"2023-04-27T10:35:53","slug":"webinaire-avitem-secheresse-en-mediterranee-vers-de-nouvelles-approches","status":"publish","type":"post","link":"https:\/\/amenageurs-med.org\/en\/2023\/04\/27\/webinaire-avitem-secheresse-en-mediterranee-vers-de-nouvelles-approches\/","title":{"rendered":"Webinaire AVITEM &#8211; S\u00e9cheresse en M\u00e9diterran\u00e9e &#8211; Vers de nouvelles approches ?"},"content":{"rendered":"<p>[vc_row][vc_column][vc_column_text]Lors du webinaire du 20 avril, les intervenants ont \u00e9chang\u00e9 sur l\u2019\u00e9tat de la ressource en eau en M\u00e9diterran\u00e9e et sur les solutions qui ont \u00e9t\u00e9 mises en \u0153uvre dans diverses conditions, sur diff\u00e9rents territoires ou dans les lieux de recherche et de dialogue tels que les laboratoires ou les organisations m\u00e9diterran\u00e9ennes traitant de la rar\u00e9faction des ressources au regard du changement climatique. Tous les orateurs se sont retrouv\u00e9s autour d\u2019un message partag\u00e9\u00a0: il est urgent de contribuer \u00e0 faire \u00e9voluer les comportements pour r\u00e9pondre, par l\u2019usage, \u00e0 l\u2019amoindrissement de la ressource.<\/p>\n<p><strong>Le Directeur g\u00e9n\u00e9ral de l\u2019AVITEM,<\/strong> <strong>Philippe Meunier<\/strong>,\u00a0a introduit la session en rappelant la n\u00e9cessit\u00e9 de l\u2019implication de la soci\u00e9t\u00e9 civile et des experts afin d\u2019agir sur les comportements et l\u2019imp\u00e9ratif qu\u2019il y avait \u00e0 poursuivre les investissements. Il a \u00e9galement pr\u00e9cis\u00e9 que les r\u00e9ponses avaient une double temporalit\u00e9, celle de l\u2019urgence et celle du long terme. Il a ensuite tenu \u00e0 mentionner que la r\u00e9gion sud est un laboratoire en mati\u00e8re d\u2019adaptation au changement climatique et plus largement aux n\u00e9cessaires mutations \u00e9cologiques. Il a ensuite bri\u00e8vement pr\u00e9sent\u00e9 les grandes lignes du Plan Eau du gouvernement.<\/p>\n<p>Pour <strong>Alain Meyssonnier, Pr\u00e9sident de l\u2019Institut m\u00e9diterran\u00e9en de l\u2019Eau (IME),<\/strong> la profondeur historique, qui permet de ne pas oublier les grands \u00e9pisodes de sobri\u00e9t\u00e9 obligatoire, est essentielle. Un certain nombre de dispositifs juridiques (r\u00e8glementation) ou techniques (contr\u00f4le des forages) doivent \u00e9galement \u00eatre renforc\u00e9s. Il a \u00e9galement pr\u00e9cis\u00e9 que l\u2019IME organisait en janvier prochain le Forum m\u00e9diterran\u00e9en de l\u2019eau, en tant que pr\u00e9figuration r\u00e9gionale du Conseil mondial de l\u2019Eau qui se tiendra en 2024 en Indon\u00e9sie.<\/p>\n<p><strong>L\u2019\u00e9conomiste et chercheuse sp\u00e9cialiste de l\u2019eau Marielle Montginoul<\/strong> a introduit son propos en notifiant le d\u00e9s\u00e9quilibre entre la demande portant sur la ressource (en forte croissance) et l\u2019offre en restriction importante. Elle en d\u00e9duit plusieurs \u00ab\u00a0techniques\u00a0\u00bb permettant de l\u2019\u00e9conomiser : l\u2019\u00e9ducation, la structuration tarifaire ou encore l\u2019attribution par quantit\u00e9s aux usagers. Elle stipule \u00e9galement que les politiques publiques (agriculture, am\u00e9nagement du territoire et \u00e9nergie) sont des pistes qui doivent \u00eatre creus\u00e9es avec fermet\u00e9. Elle brise enfin un certain nombre de clich\u00e9s en pr\u00e9cisant que la prudence doit \u00eatre requise avec le REUSE mais aussi que l\u2019\u00e9nergie solaire abondante (notamment dans les pays du sud) invite \u00e0 aller chercher l\u2019eau plus loin ou plus profond et, de ce fait, contribue \u00e0 la raret\u00e9 de la ressource.<\/p>\n<p>S\u2019inscrivant dans cette continuit\u00e9, le <strong>Professeur Mohamed Sinan, hydrog\u00e9ologue et sp\u00e9cialiste du changement climatique, mais aussi professeur \u00e0 l\u2019Ecole Hassania de Travaux publics de Casablanca<\/strong> a, \u00e0 son tour, agit\u00e9 les esprits en stipulant que le changement climatique pouvait \u00eatre une opportunit\u00e9 pour le Maroc\u00a0: ainsi, il a t\u00e9moign\u00e9 de la forte volont\u00e9 politique qui a \u00e9t\u00e9 suivie d\u2019importantes r\u00e9alisations techniques au Maroc en r\u00e9ponse \u00e0 la rar\u00e9faction de la ressource. Ces actions se sont mat\u00e9rialis\u00e9es par le d\u00e9veloppement en progression des ressources non conventionnelles, mais aussi par la structuration de grands travaux ainsi que par une meilleure connaissance des disponibilit\u00e9s de la ressource.<\/p>\n<p>Vous pouvez retrouver l\u2019int\u00e9gralit\u00e9 de ces \u00e9changes sur la chaine You Tube du R\u00e9seau des Am\u00e9nageurs de la M\u00e9diterran\u00e9e en suivant ce lien\u00a0: <a href=\"https:\/\/www.youtube.com\/watch?v=6ykEbIMhWbY\">https:\/\/www.youtube.com\/watch?v=6ykEbIMhWbY<\/a><\/p>\n<p>[\/vc_column_text][\/vc_column][\/vc_row][vc_row][vc_column][vc_column_text][\/vc_column_text][\/vc_column][\/vc_row][vc_row][vc_column][vc_column_text][\/vc_column_text][\/vc_column][\/vc_row]<\/p>\n","protected":false},"excerpt":{"rendered":"<p>[vc_row][vc_column][vc_column_text]Lors du webinaire du 20 avril, les intervenants ont \u00e9chang\u00e9 sur l\u2019\u00e9tat de la ressource en eau en M\u00e9diterran\u00e9e et sur les solutions qui ont \u00e9t\u00e9 mises en \u0153uvre dans diverses conditions, sur diff\u00e9rents territoires ou dans les lieux de recherche et de dialogue tels que les laboratoires ou les organisations m\u00e9diterran\u00e9ennes traitant de la [&hellip;]<\/p>\n","protected":false},"author":3,"featured_media":8014,"comment_status":"closed","ping_status":"open","sticky":false,"template":"","format":"standard","meta":[],"categories":[83],"tags":[],"translation":{"provider":"WPGlobus","version":"2.8.11","language":"en","enabled_languages":["fr","en"],"languages":{"fr":{"title":true,"content":true,"excerpt":false},"en":{"title":false,"content":false,"excerpt":false}}},"_links":{"self":[{"href":"https:\/\/amenageurs-med.org\/en\/wp-json\/wp\/v2\/posts\/8012"}],"collection":[{"href":"https:\/\/amenageurs-med.org\/en\/wp-json\/wp\/v2\/posts"}],"about":[{"href":"https:\/\/amenageurs-med.org\/en\/wp-json\/wp\/v2\/types\/post"}],"author":[{"embeddable":true,"href":"https:\/\/amenageurs-med.org\/en\/wp-json\/wp\/v2\/users\/3"}],"replies":[{"embeddable":true,"href":"https:\/\/amenageurs-med.org\/en\/wp-json\/wp\/v2\/comments?post=8012"}],"version-history":[{"count":1,"href":"https:\/\/amenageurs-med.org\/en\/wp-json\/wp\/v2\/posts\/8012\/revisions"}],"predecessor-version":[{"id":8013,"href":"https:\/\/amenageurs-med.org\/en\/wp-json\/wp\/v2\/posts\/8012\/revisions\/8013"}],"wp:featuredmedia":[{"embeddable":true,"href":"https:\/\/amenageurs-med.org\/en\/wp-json\/wp\/v2\/media\/8014"}],"wp:attachment":[{"href":"https:\/\/amenageurs-med.org\/en\/wp-json\/wp\/v2\/media?parent=8012"}],"wp:term":[{"taxonomy":"category","embeddable":true,"href":"https:\/\/amenageurs-med.org\/en\/wp-json\/wp\/v2\/categories?post=8012"},{"taxonomy":"post_tag","embeddable":true,"href":"https:\/\/amenageurs-med.org\/en\/wp-json\/wp\/v2\/tags?post=8012"}],"curies":[{"name":"wp","href":"https:\/\/api.w.org\/{rel}","templated":true}]}}