{"id":7948,"date":"2023-02-23T09:10:06","date_gmt":"2023-02-23T08:10:06","guid":{"rendered":"https:\/\/amenageurs-med.org\/?p=7948"},"modified":"2023-02-23T11:48:16","modified_gmt":"2023-02-23T10:48:16","slug":"world-weather-attribution-les-temperatures-elevees-exacerbees-par-le-changement-climatique-ont-rendu-les-secheresses-de-2022-dans-lhemisphere-nord-plus-probables","status":"publish","type":"post","link":"https:\/\/amenageurs-med.org\/en\/2023\/02\/23\/world-weather-attribution-les-temperatures-elevees-exacerbees-par-le-changement-climatique-ont-rendu-les-secheresses-de-2022-dans-lhemisphere-nord-plus-probables\/","title":{"rendered":"World Weather Attribution : \u00ab Les temp\u00e9ratures \u00e9lev\u00e9es exacerb\u00e9es par le changement climatique ont rendu les s\u00e9cheresses de 2022 dans l&#8217;h\u00e9misph\u00e8re nord plus probables \u00bb"},"content":{"rendered":"<p>[vc_row][vc_column][vc_column_text]L&#8217;Europe centrale occidentale, l&#8217;Am\u00e9rique du Nord, la Chine et d&#8217;autres parties de l&#8217;h\u00e9misph\u00e8re nord ont fait face \u00e0 des p\u00e9nuries d&#8217;eau, \u00e0 une chaleur extr\u00eame et \u00e0 des conditions de s\u00e9cheresse de l&#8217;humidit\u00e9 du sol tout au long de l&#8217;\u00e9t\u00e9 2022.<\/p>\n<p>Les p\u00e9nuries d&#8217;eau, les incendies \u00e9tendus, les prix \u00e9lev\u00e9s des denr\u00e9es alimentaires et les graves pertes de r\u00e9coltes ont \u00e9t\u00e9 parmi les impacts les plus importants de l&#8217;un des \u00e9t\u00e9s europ\u00e9ens les plus chauds jamais enregistr\u00e9s, avec des vagues de chaleur et des pr\u00e9cipitations exceptionnellement faibles dans l&#8217;h\u00e9misph\u00e8re Nord.\u00a0Ces conditions ont conduit \u00e0 des sols tr\u00e8s secs notamment en France, en Allemagne et dans d&#8217;autres pays d&#8217;Europe centrale (appel\u00e9s ci-apr\u00e8s Europe centrale occidentale) ;\u00a0la Chine continentale a \u00e9galement connu des temp\u00e9ratures et une s\u00e9cheresse exceptionnellement \u00e9lev\u00e9es.\u00a0Ces d\u00e9ficits d&#8217;humidit\u00e9 du sol ont entra\u00een\u00e9 de mauvaises r\u00e9coltes dans les r\u00e9gions touch\u00e9es, un risque accru d&#8217;incendie et, combin\u00e9s \u00e0 des prix alimentaires d\u00e9j\u00e0 tr\u00e8s \u00e9lev\u00e9s, devraient menacer la s\u00e9curit\u00e9 alimentaire dans le monde.<\/p>\n<p>Des scientifiques de Suisse, d&#8217;Inde, des Pays-Bas, de France, des \u00c9tats-Unis d&#8217;Am\u00e9rique et du Royaume-Uni ont collabor\u00e9 pour \u00e9valuer dans quelle mesure le changement climatique induit par l&#8217;homme modifie la probabilit\u00e9 et l&#8217;intensit\u00e9 de la faible humidit\u00e9 du sol.<\/p>\n<h6><strong>Principaux r\u00e9sultats<\/strong><\/h6>\n<ul>\n<li>La chaleur et les faibles pr\u00e9cipitations en Europe du centre-ouest ont eu des effets consid\u00e9rables sur divers secteurs, notamment la sant\u00e9 humaine, l&#8217;\u00e9nergie, l&#8217;agriculture et l&#8217;approvisionnement en eau municipal.\u00a0Elle a \u00e9t\u00e9 exacerb\u00e9e, par exemple, par de mauvaises infrastructures d&#8217;approvisionnement en eau et des fuites, et elle est survenue \u00e0 un moment o\u00f9 les prix des denr\u00e9es alimentaires et de l&#8217;\u00e9nergie \u00e9taient d\u00e9j\u00e0 \u00e9lev\u00e9s, ce qui aggravait les impacts sociaux et \u00e9conomiques.<\/li>\n<li>Dans cette \u00e9tude, nous nous concentrons particuli\u00e8rement sur les sols secs qui ont caus\u00e9 de graves impacts \u00e9conomiques et \u00e9cologiques dans l&#8217;h\u00e9misph\u00e8re nord (\u00e0 l&#8217;exclusion des r\u00e9gions tropicales) et qui ont \u00e9t\u00e9 particuli\u00e8rement graves en Europe du centre-ouest.\u00a0Nous nous concentrons donc sur ces deux r\u00e9gions, extratropicales de l&#8217;h\u00e9misph\u00e8re nord et Europe du centre-ouest, pour analyser la s\u00e9cheresse agricole et \u00e9cologique de juin \u00e0 ao\u00fbt 2022.<\/li>\n<li>Les mod\u00e8les de surface terrestre bas\u00e9s sur l&#8217;observation montrent qu&#8217;une tr\u00e8s faible humidit\u00e9 estivale du sol \u00e0 la surface et dans la zone racinaire, comme celle observ\u00e9e en 2022, se produit environ une fois tous les 20 ans dans le climat actuel des deux r\u00e9gions.<\/li>\n<li>Bien que l&#8217;ampleur des tendances historiques varie entre les diff\u00e9rents produits d&#8217;humidit\u00e9 du sol bas\u00e9s sur l&#8217;observation, tous conviennent que les conditions s\u00e8ches observ\u00e9es en 2022 dans les deux r\u00e9gions auraient \u00e9t\u00e9 moins susceptibles de se produire au d\u00e9but du 20e si\u00e8cle.<\/li>\n<li>Pour d\u00e9terminer le r\u00f4le du changement climatique dans ces changements observ\u00e9s, nous combinons les ensembles de donn\u00e9es bas\u00e9s sur l&#8217;observation avec des mod\u00e8les climatiques et concluons que le changement climatique induit par l&#8217;homme a augment\u00e9 la probabilit\u00e9 des \u00e9v\u00e9nements observ\u00e9s de s\u00e9cheresse de l&#8217;humidit\u00e9 du sol.\u00a0Le changement de probabilit\u00e9 est plus important dans les donn\u00e9es bas\u00e9es sur l&#8217;observation que dans les mod\u00e8les.<\/li>\n<li>Nous avons \u00e9galement \u00e9valu\u00e9 le r\u00f4le du changement climatique dans la temp\u00e9rature et les pr\u00e9cipitations dans ces r\u00e9gions et avons constat\u00e9 que la forte augmentation des temp\u00e9ratures \u00e9lev\u00e9es est la principale raison de l&#8217;augmentation de la s\u00e9cheresse.<\/li>\n<li>En combinant toutes les sources de donn\u00e9es, nous constatons pour l&#8217;Europe centrale et occidentale que le changement climatique induit par l&#8217;homme a rendu la s\u00e9cheresse hydrique du sol de la zone racinaire de 2022 environ 3 \u00e0 4 fois plus probable, et la s\u00e9cheresse hydrique du sol de surface environ 5 \u00e0 6 fois plus probable.<\/li>\n<li>Pour les r\u00e9gions extratropicales de l&#8217;h\u00e9misph\u00e8re nord, le changement climatique induit par l&#8217;homme a rendu la s\u00e9cheresse observ\u00e9e de l&#8217;humidit\u00e9 du sol beaucoup plus probable, d&#8217;un facteur d&#8217;au moins 20 pour l&#8217;humidit\u00e9 du sol de la zone racinaire et d&#8217;au moins 5 pour l&#8217;humidit\u00e9 du sol de surface, mais comme c&#8217;est g\u00e9n\u00e9ralement le cas. avec des quantit\u00e9s difficiles \u00e0 observer, les chiffres exacts sont incertains.<\/li>\n<li>Les mod\u00e8les analys\u00e9s montrent \u00e9galement que la s\u00e9cheresse due \u00e0 l&#8217;humidit\u00e9 du sol continuera d&#8217;augmenter avec un r\u00e9chauffement climatique suppl\u00e9mentaire, ce qui est coh\u00e9rent avec les tendances \u00e0 long terme projet\u00e9es dans les mod\u00e8les climatiques, comme indiqu\u00e9 par exemple dans le GIEC AR6.<\/li>\n<\/ul>\n<p>Pour prendre connaissance de l\u2019\u00e9tude compl\u00e8te (en anglais), <a href=\"https:\/\/www.worldweatherattribution.org\/wp-content\/uploads\/WCE-NH-drought-scientific-report.pdf\" target=\"_blank\" rel=\"noopener\">c\u2019est par l\u00e0<\/a>[\/vc_column_text][\/vc_column][\/vc_row][vc_row][vc_column][vc_column_text][\/vc_column_text][\/vc_column][\/vc_row][vc_row][vc_column][vc_column_text][\/vc_column_text][\/vc_column][\/vc_row]<\/p>\n","protected":false},"excerpt":{"rendered":"<p>[vc_row][vc_column][vc_column_text]L&#8217;Europe centrale occidentale, l&#8217;Am\u00e9rique du Nord, la Chine et d&#8217;autres parties de l&#8217;h\u00e9misph\u00e8re nord ont fait face \u00e0 des p\u00e9nuries d&#8217;eau, \u00e0 une chaleur extr\u00eame et \u00e0 des conditions de s\u00e9cheresse de l&#8217;humidit\u00e9 du sol tout au long de l&#8217;\u00e9t\u00e9 2022. Les p\u00e9nuries d&#8217;eau, les incendies \u00e9tendus, les prix \u00e9lev\u00e9s des denr\u00e9es alimentaires et les [&hellip;]<\/p>\n","protected":false},"author":3,"featured_media":7950,"comment_status":"closed","ping_status":"open","sticky":false,"template":"","format":"standard","meta":[],"categories":[81],"tags":[],"translation":{"provider":"WPGlobus","version":"2.8.11","language":"en","enabled_languages":["fr","en"],"languages":{"fr":{"title":true,"content":true,"excerpt":false},"en":{"title":false,"content":false,"excerpt":false}}},"_links":{"self":[{"href":"https:\/\/amenageurs-med.org\/en\/wp-json\/wp\/v2\/posts\/7948"}],"collection":[{"href":"https:\/\/amenageurs-med.org\/en\/wp-json\/wp\/v2\/posts"}],"about":[{"href":"https:\/\/amenageurs-med.org\/en\/wp-json\/wp\/v2\/types\/post"}],"author":[{"embeddable":true,"href":"https:\/\/amenageurs-med.org\/en\/wp-json\/wp\/v2\/users\/3"}],"replies":[{"embeddable":true,"href":"https:\/\/amenageurs-med.org\/en\/wp-json\/wp\/v2\/comments?post=7948"}],"version-history":[{"count":2,"href":"https:\/\/amenageurs-med.org\/en\/wp-json\/wp\/v2\/posts\/7948\/revisions"}],"predecessor-version":[{"id":7951,"href":"https:\/\/amenageurs-med.org\/en\/wp-json\/wp\/v2\/posts\/7948\/revisions\/7951"}],"wp:featuredmedia":[{"embeddable":true,"href":"https:\/\/amenageurs-med.org\/en\/wp-json\/wp\/v2\/media\/7950"}],"wp:attachment":[{"href":"https:\/\/amenageurs-med.org\/en\/wp-json\/wp\/v2\/media?parent=7948"}],"wp:term":[{"taxonomy":"category","embeddable":true,"href":"https:\/\/amenageurs-med.org\/en\/wp-json\/wp\/v2\/categories?post=7948"},{"taxonomy":"post_tag","embeddable":true,"href":"https:\/\/amenageurs-med.org\/en\/wp-json\/wp\/v2\/tags?post=7948"}],"curies":[{"name":"wp","href":"https:\/\/api.w.org\/{rel}","templated":true}]}}