{"id":7639,"date":"2022-05-11T09:15:00","date_gmt":"2022-05-11T07:15:00","guid":{"rendered":"https:\/\/amenageurs-med.org\/?p=7639"},"modified":"2022-05-06T15:06:13","modified_gmt":"2022-05-06T13:06:13","slug":"2-webinaire-reseau-euromediterranee-regards-croises-entre-acteurs-de-la-ville-mediterraneenne-3-5","status":"publish","type":"post","link":"https:\/\/amenageurs-med.org\/en\/2022\/05\/11\/2-webinaire-reseau-euromediterranee-regards-croises-entre-acteurs-de-la-ville-mediterraneenne-3-5\/","title":{"rendered":"2\u00b0 webinaire R\u00e9seau-Eurom\u00e9diterran\u00e9e : &#8220;Regards crois\u00e9s entre acteurs de la ville m\u00e9diterran\u00e9enne&#8221; (3\/4)"},"content":{"rendered":"<p>[vc_row][vc_column][vc_column_text]<em>Le 1er avril dernier, le R\u00e9seau des Am\u00e9nageurs de la M\u00e9diterran\u00e9e et Eurom\u00e9diterran\u00e9e ont organis\u00e9 leur second webinaire de la s\u00e9rie 2021-2022 intitul\u00e9e\u00a0<strong> \u00ab Regards crois\u00e9s entre Acteurs de la ville m\u00e9diterran\u00e9enne\u00bb. <\/strong><\/em><\/p>\n<p>Nous vous pr\u00e9sentons aujourd&#8217;hui la troisi\u00e8me intervention :<\/p>\n<p><strong>Mohammed Afakhri : R\u00e9f\u00e9rentiel de l\u2019Eco-cit\u00e9 Zenata, <\/strong><\/p>\n<p>Mesdames, Messieurs bonjour, je remercie d\u2019abord l\u2019AVITEM pour cet \u00e9v\u00e9nement qui permet de nombreux \u00e9changes entre les exp\u00e9riences des villes et am\u00e9nageurs autour de la M\u00e9diterran\u00e9e. J\u2019aurai le plaisir de vous parler de notre exp\u00e9rience au sein de la ville nouvelle de Zenata. J\u2019ai parl\u00e9 pr\u00e9c\u00e9demment du r\u00e9f\u00e9rentiel de l\u2019\u00e9co-cit\u00e9 et de la charte de d\u00e9veloppement durable\u00a0mis en place depuis la phase de conception de la ville nouvelle de Zenata.<\/p>\n<p>Ce r\u00e9f\u00e9rentiel englobe toutes les phases du projet : depuis la phase conception, en passant par la r\u00e9alisation jusqu\u2019\u00e0 l\u2019exploitation et l\u2019usage. Comment est-il d\u00e9ploy\u00e9 au niveau des r\u00e9alisations et de l\u2019exploitation ?<\/p>\n<p>Pendant la phase r\u00e9alisation (PR) de l\u2019am\u00e9nagement de la ville et de la cr\u00e9ation d\u2019infrastructures, r\u00e9seaux et \u00e9quipements publics (\u00e9coles, centres de sant\u00e9, maison des jeunes, etc.), nous veillons \u00e0 la prise en compte de la charte d\u00e9veloppement durable \u00e0 travers des prescriptions d\u00e9clin\u00e9es dans nos contrats avec les entreprises de travaux. A chaque r\u00e9ponse aux appels d\u2019offres par les entreprises, un cahier des charges environnemental et social obligatoire s\u2019ajoute aux clauses classiques (administratives, financi\u00e8res, etc.).<\/p>\n<p>Nous gardons le contr\u00f4le sur la PR \u00e0 travers la contractualisation des exigences environnementales et sociales (E&amp;S) avec les entreprises. Tout comme les contrats classiques dans lesquels sont pr\u00e9vues des mesures coercitives (en cas de d\u00e9faillance de l\u2019entrepreneur), nous avons \u00e9galement pr\u00e9vu un syst\u00e8me d\u2019amendes au cas o\u00f9 les entreprises ne respectent pas ces exigences E&amp;S lors des travaux. Ces amendes sont calcul\u00e9es en fonction de l\u2019ampleur des non-conformit\u00e9s constat\u00e9es.<\/p>\n<p>La responsabilit\u00e9 de la SAZ en \u00e9tant garante de la coh\u00e9rence globale du projet, porte en effet sur l\u2019application des principes du d\u00e9veloppement durable, depuis la conception du projet jusqu\u2019\u00e0 l\u2019usage.<\/p>\n<p>Par ailleurs, il y a la partie concernant les promoteurs et les d\u00e9veloppeurs qui, <em>in fine<\/em>, construisent des logements pour les usagers finaux que sont les habitants. Il a fallu r\u00e9fl\u00e9chir des moyens et m\u00e9thodes pour assurer les d\u00e9clinaisons de notre charte d\u00e9veloppement durable sur l\u2019ensemble du projet.<\/p>\n<p><u>Promoteurs et habitants :<\/u><\/p>\n<p>Les promoteurs sont engag\u00e9s vis-\u00e0-vis de la SAZ avec des cahiers de charges sign\u00e9s lors d\u2019une transaction fonci\u00e8re. Au niveau du titre foncier, une \u00ab\u00a0pr\u00e9-notation \u00bb est \u00e9mise jusqu\u2019\u00e0 la phase de r\u00e9ception du b\u00e2timent\u00a0; nous y reviendrons apr\u00e8s. Pendant la phase conception du projet du promoteur, de nombreux \u00e9changes prennent place entre lui et la SAZ, afin de v\u00e9rifier qu\u2019il respecte le cahier des charges urbain et architectural. Certains promoteurs ont d\u00e9j\u00e0 des bureaux d\u2019\u00e9tudes, staff et architectes tr\u00e8s avanc\u00e9s. D\u2019autres promoteurs sont moins \u00e9toff\u00e9s, mais ambitieux pour monter en comp\u00e9tences et \u00eatre conformes aux exigences de l\u2019Eco-cit\u00e9. Alors la SAZ apporte son soutien technique et les accompagne pour y arriver.<\/p>\n<p>En plus du cahier des charges urbain et architectural, il y a le cahier des charges environnemental et social qui trace les d\u00e9clinaisons de notre r\u00e9f\u00e9rentiel et notre charte DD (exigences en confort thermique, v\u00e9rification des logiciels utilis\u00e9s en mod\u00e9lisation, \u00e9clairage des parties communes par \u00e9nergie propre notamment les escaliers, installation de d\u00e9shuileurs dans les parkings pour \u00e9viter de laisser s\u2019\u00e9couler des huiles dans les \u00e9gouts des eaux pluviales, etc.).<\/p>\n<p>La SAZ se fait aider par une ma\u00eetrise d&#8217;\u0153uvre technique compos\u00e9e de bureaux d\u2019\u00e9tudes et d\u2019architectes.<\/p>\n<p>Vis-\u00e0-vis des services de la commune, le promoteur doit respecter enti\u00e8rement le cahier des charges urbain et architectural, afin de pouvoir disposer du permis d\u2019habiter.<\/p>\n<p>Cependant, il ne pourra pas\u00a0\u00ab\u00a0\u00e9clater les titres de propri\u00e9t\u00e9\u00a0\u00bb sans recevoir au pr\u00e9alable un <em>quitus \u00e0 d\u00e9livrer par la SAZ (pour une lev\u00e9e de la pr\u00e9-notation inscrite auparavant sur le titre m\u00e8re)<\/em>. De cette fa\u00e7on, nous conservons notre pouvoir de v\u00e9rification du respect de toutes les exigences contractuelles.<\/p>\n<p>Concernant l\u2019habitant qui est l\u2019usager final du b\u00e2timent, nous avons pens\u00e9 \u00e0 des outils pouvant \u00eatre d\u00e9ploy\u00e9s pour assurer cette continuit\u00e9 d\u2019implication en termes de respect de la charte de d\u00e9veloppement durable apr\u00e8s l\u2019int\u00e9gration du logement par l\u2019habitant.<\/p>\n<p>Par exemple, nous avons gard\u00e9 un regard sur le r\u00e8glement de co-propri\u00e9t\u00e9. Nous essayons de voir avec les promoteurs comment a \u00e9t\u00e9 pr\u00e9vue la gestion des parties communes, s\u2019il y a des panneaux photovolta\u00efques sur la terrasse, s\u2019il y a des composts\u2026<\/p>\n<p>Nous veillons aussi \u00e0 ce que l\u2019habitant re\u00e7oive un guide d\u2019exploitation qui int\u00e8gre les fiches techniques de certains \u00e9quipements pour mieux assimiler la phase maintenance, pr\u00e9ventive et curative. Nous \u0153uvrons avec la commune pour inciter promoteurs et habitants\u00a0\u00e0 mettre en place certaines op\u00e9rations et solutions en terme d\u2019actions, facultatives, mais que soutenons tout de m\u00eame.<\/p>\n<p><u>La ville :<\/u><\/p>\n<p>Le partage des responsabilit\u00e9s est clair\u00a0: nous nous occupons de l\u2019am\u00e9nagement, tandis que la commune prend la main pour assurer l\u2019exploitation et l\u2019entretien de la ville. Cependant, si les am\u00e9nagements livr\u00e9s ne sont ni entretenus ni g\u00e9r\u00e9s comme il le faudrait, le site risque de perdre de son attractivit\u00e9. Nous avons donc r\u00e9alis\u00e9 une \u00e9tude prospective de gestion des services urbains, portant sur l\u2019analyse \u00e9conomique, financi\u00e8re et organisationnelle de la ville\u00a0: il s\u2019agit de d\u00e9terminer comment la commune pourrait assurer la gestion et l\u2019entretien des services urbains (des \u00e9coquartiers, parcs intelligents, etc.) avec des co\u00fbts mesur\u00e9s. Cette \u00e9tude permet de mettre en exergue les axes d\u2019am\u00e9lioration de la ville. En effet, il arrive que des grands projets urbains voient le jour dans des communes qui ne disposent pas toujours des moyens pr\u00e9alables\u00a0pour les entretenir. Il est donc n\u00e9cessaire de penser \u00e0 appuyer la commune pour une mont\u00e9e en comp\u00e9tence.<\/p>\n<p>L\u2019\u00e9tude a pr\u00e9vu \u00e9galement une \u00e9valuation de l\u2019impact du plan d\u2019am\u00e9nagement sur les finances de la commune. Les r\u00e9sultats ont permis de mieux faire comprendre aux \u00e9lus que le plan d\u2019am\u00e9nagement et les nouveaux m\u00b2 plancher \u00e0 r\u00e9aliser, g\u00e9n\u00e9reront de nouvelles taxes pour la commune. Nous avons fait des calculs d\u2019&#8217;impact du plan d&#8217;am\u00e9nagement sur les finances communales \u00e0 court, moyen et long termes afin que les \u00e9lus aient une meilleure vision de l\u2019\u00e9quilibre recettes\/d\u00e9penses \u00e0 divers horizons.<\/p>\n<p>Ensuite, nous avons \u00e9tudi\u00e9 avec la commune, les mod\u00e8les de gestion de chaque service (transport, gestion des d\u00e9chets, des r\u00e9seaux\u2026) afin de faire des \u00e9tudes comparatives globales pr\u00e9sentant des simulations co\u00fbts\/recettes. Cet exercice a permis d&#8217;aboutir \u00e0 un sc\u00e9nario de mode de gestion mieux adapt\u00e9. Il n\u2019y a jamais de sc\u00e9nario parfait, seulement ajust\u00e9 et agile.<\/p>\n<p><u>Mod\u00e8le de gestion retenu :<\/u><\/p>\n<p>Apr\u00e8s avoir analys\u00e9 les avantages\/inconv\u00e9nients de plusieurs modes de gestion, le sc\u00e9nario qui nous est apparu comme \u00e9tant le plus appropri\u00e9 est celui d\u2019une Soci\u00e9t\u00e9 de D\u00e9veloppement Local (SDL). En effet, elle :<\/p>\n<ul>\n<li>Pr\u00e9sente un objet social large\u00a0;<\/li>\n<li>Exerce un r\u00f4le de pilotage \/ coordination de l\u2019offre globale de services et de la relation usager\u00a0;<\/li>\n<li>Op\u00e8re elle-m\u00eame un nombre limit\u00e9 de services et peut s\u2019appuyer sur des op\u00e9rateurs \u00e9conomiques, via des contrats, pour la mise en \u0153uvre effective des autres services.<\/li>\n<\/ul>\n<p>Cette solution nous permet \u00e9galement d\u2019avoir le contr\u00f4le sur la phase d\u2019exploitation.<\/p>\n<p><u>Plan de mise en \u0153uvre du mode retenu :<\/u><\/p>\n<p>Travailler ensemble (commune \u2013 SAZ) permet de r\u00e9pondre aux pr\u00e9occupations de chacun. En tant qu\u2019am\u00e9nageurs, notre responsabilit\u00e9 sur le transfert de propri\u00e9t\u00e9 doit \u00eatre exemplaire. Le dialogue constant avec la commune et la mise en place d\u2019une convention entre les deux acteurs doivent permettre de mieux comprendre les am\u00e9nagements r\u00e9alis\u00e9s par la SAZ, le suivi auquel doit proc\u00e9der la commune afin de pr\u00e9parer ce qui doit l\u2019\u00eatre pour passer \u00e0 la phase r\u00e9ception, comment nous pouvons contracter les transferts de propri\u00e9t\u00e9s et comment g\u00e9rer les divers services de la ville.<\/p>\n<p>Une convention est donc indispensable pour d\u00e9finir clairement les modalit\u00e9s de transferts des biens, et le partage des responsabilit\u00e9s entre les deux parties.<\/p>\n<p>L\u2019\u00e9tude a int\u00e9gr\u00e9 aussi le renforcement des capacit\u00e9s techniques et financi\u00e8res de la commune (recrutement, achat de mat\u00e9riels\u2026), et a mis l\u2019accent, par exemple, sur le taux de recouvrement \u00e0 am\u00e9liorer. En effet, bien que le plan d\u2019am\u00e9nagement soit suppos\u00e9 g\u00e9n\u00e9rer plusieurs millions de dirhams (en termes de recettes fiscales), l\u2019\u00e9quilibre g\u00e9n\u00e9ral repose sur le taux de recouvrement. Si ce dernier n\u2019est pas bon, cela signifie que des actions doivent \u00eatre effectu\u00e9es.<\/p>\n<p>Pour revenir sur la cr\u00e9ation de la Soci\u00e9t\u00e9 de D\u00e9veloppement Local, plusieurs crit\u00e8res doivent \u00eatre pris en compte\u00a0: sa composition, la ventilation des parts, la documentation permettant d\u2019op\u00e9rationnaliser la SDL avant de lancer les consultations qui ouvriront les contrats avec des op\u00e9rateurs charg\u00e9s de d\u00e9livrer certains services.<\/p>\n<p>&#8212;&#8212;&#8212;&#8212;&#8212;&#8212;&#8212;&#8212;&#8212;&#8212;&#8212;&#8212;&#8212;&#8212;&#8212;&#8212;&#8212;&#8212;&#8212;&#8212;&#8212;&#8212;&#8212;&#8212;&#8212;&#8212;<\/p>\n<p><strong>Pierre<\/strong> <strong>Massis<\/strong> : Merci Mohammed. Pour le montage de la SDL, c\u2019est bien la commune qui vient vous chercher, ce n\u2019est pas l\u2019am\u00e9nageur qui impose quoi que ce soit\u00a0?<\/p>\n<p><strong>Mohammed Afakhri <\/strong>: Nous travaillons avec la commune afin de lui exposer les modes de gestion (la r\u00e9gie, la conception, l\u2019affermage, etc.) mais nous n\u2019avons pas qu\u2019un seul service. Nous avions besoin d\u2019un syst\u00e8me hybride qui n\u2019existait pas dans le mod\u00e8le classique. La loi permet aux collectivit\u00e9s de cr\u00e9er des SDL dans lesquelles l\u2019Etat est l\u2019actionnaire majoritaire et o\u00f9 la commune doit avoir au moins 34% de capital, ce qui permet ainsi d\u2019int\u00e9grer un op\u00e9rateur priv\u00e9, et g\u00e9n\u00e9rer des partenariats publics-priv\u00e9s\u00a0; ce qui peut produire de nouveaux services pour la commune. En faisant partie du tour de table de la SDL, l\u2019am\u00e9nageur participerait effectivement dans la phase d\u2019exploitation. Il mettra \u00e0 disposition ses aptitudes en termes de r\u00e9flexion et de suivi.<\/p>\n<p><strong>Pierre Massis<\/strong> : cela vous donne aussi un moyen de pression suppl\u00e9mentaire qui vient s\u2019ajouter \u00e0 ce que vous disiez ant\u00e9rieurement sur l\u2019\u00e9clatement des titres ? A un certain moment, le promoteur a la possibilit\u00e9 de \u00ab\u00a0sectionner\u00a0\u00bb les droits de propri\u00e9t\u00e9s pour les diffuser \u00e0 ses clients. Cependant, l\u2019am\u00e9nageur peut s\u2019y opposer en montrant que cela ne correspond pas au cahier des charges et que des am\u00e9liorations restent encore \u00e0 faire.<\/p>\n<p><strong>Mohammed Afakhri<\/strong> : En effet, avec les promoteurs, nous inscrivons une pr\u00e9-notation sur le titre foncier \u00e0 vendre . C\u2019est le titre foncier m\u00e8re objet de la transaction entre SAZ et promoteur, sur lequel va construire son immeuble, puis l\u2019\u00e9clater en petit titres fonciers correspondant aux appartements \u00e0 commercialiser par le promoteur.<\/p>\n<p>Ce dernier sait d\u2019avance que nous avons un droit de regard pendant toute la phase de suivi, nous l\u2019accompagnons avec les bureaux d\u2019\u00e9tudes et les architectes afin que tout soit en phase. Si manquement il y a, nous le signalons au fur et \u00e0 mesure. A la phase finale, nous pourrons v\u00e9rifier que les non-conformit\u00e9s ont \u00e9t\u00e9 lev\u00e9es par le promoteur, avant de lui d\u00e9livrer un quitus. C\u2019est, notre moyen de pression, vis-\u00e0-vis des promoteurs pour les amener \u00e0 respecter, entre autres, le cahier de charge environnemental et social.<\/p>\n<p>Sans ce Quitus, un promoteur ne pourrait pas \u00e9clater le titre m\u00e8re pour finaliser ses contrats de vente avec les acqu\u00e9reurs.<\/p>\n<p><strong>Pierre Massis<\/strong> : Je ne sais pas si les am\u00e9nageurs de la R\u00e9gion Sud ont le m\u00eame pouvoir juridique, mais c\u2019est tr\u00e8s astucieux. On est sur un espace de dialogue, de contr\u00f4le, de sanction p\u00e9nale, mais nous voyons bien ici que l\u2019am\u00e9nageur dispose en plus quasiment d\u2019une position \u00ab\u00a0r\u00e9galienne\u00a0\u00bb.<\/p>\n<p>Pour d\u00e9couvrir la pr\u00e9sentation de Mohammed Afakhri, <a href=\"https:\/\/amenageurs-med.org\/wp-content\/uploads\/2022\/05\/Zenata-Web-01-avril-V2.pdf\" target=\"_blank\" rel=\"noopener\">c&#8217;est en suivant ce lien<\/a>[\/vc_column_text][\/vc_column][\/vc_row][vc_row][vc_column][vc_column_text][\/vc_column_text][\/vc_column][\/vc_row][vc_row][vc_column][vc_column_text][\/vc_column_text][\/vc_column][\/vc_row]<\/p>\n","protected":false},"excerpt":{"rendered":"<p>[vc_row][vc_column][vc_column_text]Le 1er avril dernier, le R\u00e9seau des Am\u00e9nageurs de la M\u00e9diterran\u00e9e et Eurom\u00e9diterran\u00e9e ont organis\u00e9 leur second webinaire de la s\u00e9rie 2021-2022 intitul\u00e9e\u00a0 \u00ab Regards crois\u00e9s entre Acteurs de la ville m\u00e9diterran\u00e9enne\u00bb. Nous vous pr\u00e9sentons aujourd&#8217;hui la troisi\u00e8me intervention : Mohammed Afakhri : R\u00e9f\u00e9rentiel de l\u2019Eco-cit\u00e9 Zenata, Mesdames, Messieurs bonjour, je remercie d\u2019abord l\u2019AVITEM pour [&hellip;]<\/p>\n","protected":false},"author":3,"featured_media":7641,"comment_status":"closed","ping_status":"open","sticky":false,"template":"","format":"standard","meta":[],"categories":[74],"tags":[],"translation":{"provider":"WPGlobus","version":"2.8.11","language":"en","enabled_languages":["fr","en"],"languages":{"fr":{"title":true,"content":true,"excerpt":false},"en":{"title":false,"content":false,"excerpt":false}}},"_links":{"self":[{"href":"https:\/\/amenageurs-med.org\/en\/wp-json\/wp\/v2\/posts\/7639"}],"collection":[{"href":"https:\/\/amenageurs-med.org\/en\/wp-json\/wp\/v2\/posts"}],"about":[{"href":"https:\/\/amenageurs-med.org\/en\/wp-json\/wp\/v2\/types\/post"}],"author":[{"embeddable":true,"href":"https:\/\/amenageurs-med.org\/en\/wp-json\/wp\/v2\/users\/3"}],"replies":[{"embeddable":true,"href":"https:\/\/amenageurs-med.org\/en\/wp-json\/wp\/v2\/comments?post=7639"}],"version-history":[{"count":3,"href":"https:\/\/amenageurs-med.org\/en\/wp-json\/wp\/v2\/posts\/7639\/revisions"}],"predecessor-version":[{"id":7650,"href":"https:\/\/amenageurs-med.org\/en\/wp-json\/wp\/v2\/posts\/7639\/revisions\/7650"}],"wp:featuredmedia":[{"embeddable":true,"href":"https:\/\/amenageurs-med.org\/en\/wp-json\/wp\/v2\/media\/7641"}],"wp:attachment":[{"href":"https:\/\/amenageurs-med.org\/en\/wp-json\/wp\/v2\/media?parent=7639"}],"wp:term":[{"taxonomy":"category","embeddable":true,"href":"https:\/\/amenageurs-med.org\/en\/wp-json\/wp\/v2\/categories?post=7639"},{"taxonomy":"post_tag","embeddable":true,"href":"https:\/\/amenageurs-med.org\/en\/wp-json\/wp\/v2\/tags?post=7639"}],"curies":[{"name":"wp","href":"https:\/\/api.w.org\/{rel}","templated":true}]}}