{"id":6958,"date":"2021-09-01T10:18:33","date_gmt":"2021-09-01T08:18:33","guid":{"rendered":"https:\/\/amenageurs-med.org\/?p=6958"},"modified":"2021-09-06T15:09:01","modified_gmt":"2021-09-06T13:09:01","slug":"webinaire-2-lenergie-en-mediterranee-resilience-urbaine-et-solutions-innovantes-avitem-11-12","status":"publish","type":"post","link":"https:\/\/amenageurs-med.org\/en\/2021\/09\/01\/webinaire-2-lenergie-en-mediterranee-resilience-urbaine-et-solutions-innovantes-avitem-11-12\/","title":{"rendered":"Webinaire 2\u00a0: L\u2019\u00e9nergie en M\u00e9diterran\u00e9e, r\u00e9silience urbaine et solutions innovantes &#8211; AViTeM (11\/12)"},"content":{"rendered":"<p>[vc_row][vc_column][vc_column_text]Apr\u00e8s la partie d\u00e9di\u00e9e aux solutions territoriales en M\u00e9diterran\u00e9e, nous poursuivons aujourd&#8217;hui la vision que procure l&#8217;expertise entrepreneuriale, avec, en troisi\u00e8me pr\u00e9sentation, une solution tr\u00e8s originale qui met en avant \u00e0 la fois l&#8217;innovation d&#8217;usage et l&#8217;innovation portant sur le mod\u00e8le de fabrication.<\/p>\n<p>Nous poursuivons donc les pr\u00e9sentations de la derni\u00e8re session d&#8217;interventions du second webinaire, qui s&#8217;est tenu le 29 avril dernier autour de l<strong>a ressource \u00e9nerg\u00e9tique en M\u00e9diterran\u00e9e<\/strong>.<\/p>\n<p><em>Pour m\u00e9moire, le webinaire du 29 avril est le second <span style=\"font-family: inherit; font-size: inherit; font-variant-ligatures: inherit; font-variant-caps: inherit; font-weight: inherit;\">d\u2019une s\u00e9rie de quatre, destin\u00e9s \u00e0 traiter de la raret\u00e9 de ressources embl\u00e9matiques de la M\u00e9diterran\u00e9e, mais aussi des solutions, traditionnelles comme innovantes, qui s\u2019appliquent \u00e0 la recherche, \u00e0 la conservation et \u00e0 une gestion optimis\u00e9e de celles-ci. Les trois ressources que l\u2019AVITEM a d\u00e9cid\u00e9 d\u2019examiner sont l\u2019eau, l\u2019\u00e9nergie et les d\u00e9chets et, parmi les solutions, notamment celles qui feront l&#8217;objet du quatri\u00e8me webinaire (le 1er juillet), celles qui ont principalement recours \u00e0 la basse technologie.\u00a0<\/span><\/em><\/p>\n<p><strong>Intervention de Claire Le Ster &#8211; Lagazel, start-up fabrication de lampes et de kits solaires par les acteurs locaux\u00a0 <\/strong><\/p>\n<p>Merci pour cette invitation.<\/p>\n<p>Je vais vous pr\u00e9senter Lagazel, une entreprise franco-africaine et \u00e9galement le premier fabricant de produits qualitatifs fonctionnant \u00e0 l\u2019\u00e9nergie solaire sur le continent africain. La soci\u00e9t\u00e9 a \u00e9t\u00e9 cr\u00e9\u00e9e par deux fr\u00e8res, Arnaud et Maxence Chabanne, en s\u2019appuyant sur l\u2019exp\u00e9rience d\u2019Arnaud qui a v\u00e9cu pendant une quinzaine d\u2019ann\u00e9e au Burkina Faso. A l\u2019\u00e9poque, il avait lanc\u00e9 une entreprise locale nomm\u00e9 \u00ab <em>CB \u00c9nergie<\/em>\u00a0\u00bb qui intervenait dans ce domaine, avec la r\u00e9alisation d\u2019installations solaires telles que du pompage solaire, par exemple. Il avait commenc\u00e9 \u00e0 fabriquer localement des petites lampes solaires \u00e0 partir d\u2019anciennes lampes \u00e0 p\u00e9trole qu\u2019il collectait\u00a0et transformait. Il avait vendu de cette fa\u00e7on plusieurs milliers de lampes en Afrique de l\u2019Ouest, mais le mod\u00e8le restait assez artisanal. Son objectif, en se rapprochant de son fr\u00e8re Maxence qui avait repris la direction de la PME familiale et industrielle fran\u00e7aise, \u00e9tait ainsi de pouvoir changer d\u2019\u00e9chelle pour arriver \u00e0 un mod\u00e8le plus industriel pour fabriquer des produits solaires de qualit\u00e9 et localement en Afrique.<\/p>\n<p>Dans un premier temps, ils ont con\u00e7u une gamme de petits produits \u00e0 \u00e9nergie solaire \u00e0 usage individuel tels que des petites lampes solaires portables pour l\u2019\u00e9clairage et la recharge de t\u00e9l\u00e9phone portable. Ce sont des lampes qui sont con\u00e7ues en m\u00e9tal parce que c\u2019est un mat\u00e9riau que l\u2019on peut transformer assez facilement sur place sans avoir besoin de beaucoup d\u2019\u00e9nergie et qui est \u00e9galement recyclable en fin de vie. Les lampes ont \u00e9t\u00e9 con\u00e7ues selon les standards de qualit\u00e9 internationaux pour pouvoir faire concurrence aux autres produits qui sont import\u00e9s d\u2019Asie et ainsi \u00eatre comp\u00e9titifs sur le march\u00e9. En plus des lampes solaires, nous produisons \u00e9galement des kits solaires domestiques. Ce sont des bo\u00eetiers qui contiennent des batteries aliment\u00e9es par un panneau solaire et qui permettent de fournir en \u00e9nergie plusieurs ampoules et des petits \u00e9quipements 12 volts tels que des ventilateurs, des t\u00e9l\u00e9visions\u2026<\/p>\n<p>Ici <strong>(diapo page 4),<\/strong> vous pouvez voir une solution innovante qui a \u00e9t\u00e9 d\u00e9velopp\u00e9e en 2018 en r\u00e9ponse aux besoins du march\u00e9. Nous travaillons r\u00e9guli\u00e8rement avec des ONG qui portent des projets de d\u00e9veloppement et qui nous font remonter leurs besoins. Nous avons donc d\u00e9velopp\u00e9 cette solution qui n\u2019est pas tellement une innovation technique mais surtout une innovation d\u2019usage. La lampe solaire au lieu d\u2019\u00eatre fournie avec un panneau solaire individuel, est fournie avec une station de charge collective qui permet de charger simultan\u00e9ment 40 lampes solaires. Cette solution permet aussi de garder un contr\u00f4le sur les lampes, puisqu\u2019elles doivent n\u00e9cessairement revenir \u00e0 la station pour \u00eatre recharg\u00e9es, ce qui en fait une solution particuli\u00e8rement adapt\u00e9e pour les \u00e9coles. A cet effet, nous installons la station \u00e0 l\u2019\u00e9cole et le panneau solaire sur le toit, et les lampes sont mises \u00e0 disposition des \u00e9coliers soit gratuitement, soit par un syst\u00e8me d\u2019abonnement ou de cotisation. Ainsi les \u00e9l\u00e8ves peuvent b\u00e9n\u00e9ficier d\u2019un \u00e9clairage pour faire leurs devoirs le soir, pour rentrer chez eux en s\u00e9curit\u00e9 et parall\u00e8lement le mat\u00e9riel reste la propri\u00e9t\u00e9 de l\u2019\u00e9cole et nous pouvons nous assurer que la lampe est bien utilis\u00e9e puisqu\u2019elle doit revenir chaque jour au point de charge pour pouvoir fonctionner.<\/p>\n<p>Cette innovation d\u2019usage s\u2019accompagne de l\u2019innovation du mod\u00e8le de fabrication puisque nous fabriquons nos produits au Burkina Faso depuis 2016. \u00c0 ce jour, ce sont pr\u00e8s de 70 000 produits \u00e0 \u00e9nergie solaire qui ont \u00e9t\u00e9 fabriqu\u00e9s dans ce pays. Pour revenir au mod\u00e8le, nous d\u00e9veloppons d\u2019abord nos produits en France\u00a0: nous identifions les fournisseurs des diff\u00e9rents composants et nous en v\u00e9rifions la qualit\u00e9 sur notre plate-forme \u00e0 Saint-Galmier avant l&#8217;exp\u00e9dition. Ensuite les composants sont envoy\u00e9s vers nos ateliers africains et sur place, la transformation des pi\u00e8ces m\u00e9talliques, et de tout ce qui est op\u00e9rations de soudure, assemblage, contr\u00f4le qualit\u00e9 sont r\u00e9alis\u00e9es. Ce mod\u00e8le nous permet de participer au d\u00e9veloppement de l\u2019\u00e9conomie locale et de cr\u00e9er des emplois localement. En termes d\u2019offre, le mod\u00e8le est aussi construit pour \u00eatre proche du march\u00e9 et pour pouvoir apporter un service apr\u00e8s-vente de proximit\u00e9. Concernant le service apr\u00e8s-vente, il ne s\u2019agit pas simplement d\u2019une garantie destin\u00e9e \u00e0 remplacer le produit \u00e0 l\u2019identique quand il est d\u00e9fectueux, mais \u00e9galement de valoriser la r\u00e9paration pour prolonger la dur\u00e9e de vie des produits. Cette valorisation permet d\u2019\u00e9viter la multiplication des d\u00e9chets solaires, qui est en forte croissance sur le continent africain.<\/p>\n<p>Pour terminer avec ce point sur la fabrication, nous sommes actuellement en train d\u2019ouvrir un second atelier de fabrication \u00e0 Porto Novo au B\u00e9nin. Nous avons mis en place un atelier cl\u00e9s en main que nous appelons L-Box et qui permet d\u2019installer rapidement et facilement un nouvel atelier de fabrication dans un pays. L-Box contient tout ce qui concerne le savoir-faire\u00a0: les lignes de production, la formation, les guides de production des produits, en fait tous les \u00e9l\u00e9ments qui vont \u00eatre n\u00e9cessaires pour lancer la fabrication. C\u2019est un atelier qui peut fonctionner en toute autonomie, qui peut \u00eatre aliment\u00e9 par le solaire car il n\u2019a pas besoin de beaucoup d\u2019\u00e9nergie, ce qui permet de l\u2019implanter dans n\u2019importe quelle zone pour entamer les activit\u00e9s d\u2019assemblage des produits \u00e0 \u00e9nergie solaire.<\/p>\n<p>Forts de notre savoir-faire et de cette exp\u00e9rience sur la fabrication de petits produits solaires, nous proposons aux acteurs du secteur solaire, mais \u00e9galement \u00e0 d\u2019autres secteurs, des services de sous-traitance industrielle en Afrique. L\u2019id\u00e9e consiste \u00e0 d\u00e9velopper la valeur ajout\u00e9e locale des produits qui sont distribu\u00e9s en r\u00e9alisant de plus en plus d&#8217;op\u00e9rations localement. Cela peut aller de simples op\u00e9rations d\u2019assemblage \u00e0 l\u2019adaptation de certains composants pour pouvoir les fabriquer localement. Ainsi nous d\u00e9veloppons actuellement des partenariats avec le secteur de la r\u00e9frig\u00e9ration et celui de l\u2019\u00e9lectrom\u00e9nager pour pouvoir fabriquer localement soit des nouveaux produits que nous allons d\u00e9velopper \u00e0 partir de z\u00e9ro, soit des produits qui sont actuellement fabriqu\u00e9s en Chine et que nous aimerions demain pouvoir fabriquer sur place.<\/p>\n<p>Comme je l\u2019ai pr\u00e9cis\u00e9, nous sommes surtout pr\u00e9sents en Afrique de l\u2019Ouest avec deux ateliers de fabrication au B\u00e9nin et au Burkina ainsi que des points de distribution dans plusieurs autres pays d\u2019Afrique de l\u2019Ouest.<\/p>\n<p>Je reste disponible si vous avez des questions, n\u2019h\u00e9sitez pas.<\/p>\n<p><strong>Pierre Massis : Mod\u00e9rateur\u00a0<\/strong><\/p>\n<p>Merci beaucoup Mme Le Ster, nous sommes sur une co-construction, un co-d\u00e9veloppement local puisque les principaux composants sont sourc\u00e9s en France pour \u00eatre assembl\u00e9s voire m\u00eame d\u00e9velopp\u00e9s en Afrique. Mais nous avons bien compris que le march\u00e9 reste local, et qu\u2019il ne s\u2019agit pas de faire de l\u2019Ouest du continent africain l\u2019atelier de l\u2019Europe ?<\/p>\n<p><strong>Claire Le Ster &#8211; Lagazel, start-up fabrication de lampes et de panneaux solaires par les acteurs locaux\u00a0<\/strong><\/p>\n<p>Oui tout \u00e0 fait, le march\u00e9 reste local. Nous distribuons essentiellement en Afrique. Nous exportons l\u00e9g\u00e8rement de l\u2019Afrique de l\u2019Ouest mais essentiellement vers la r\u00e9gion. Apr\u00e8s il est vrai que ce projet nous a aussi ouvert un march\u00e9 fran\u00e7ais et europ\u00e9en, puisque nous avons eu des demandes sur ces produits pour le march\u00e9 fran\u00e7ais. Cependant, nous restons dans l\u2019optique de fabriquer au plus proche des march\u00e9s de distribution\u00a0: \u00a0donc ce que nous distribuons en France, nous le fabriquons en France et ce que nous distribuons en Afrique, nous le fabriquons en Afrique.<\/p>\n<p><strong>Pierre Massis : Mod\u00e9rateur\u00a0<\/strong><\/p>\n<p>D\u2019accord, c\u2019est un peu le mod\u00e8le de Dacia qui fabriquait des voitures low-cost pour les pays de l\u2019Est de l\u2019Europe et dont le succ\u00e8s a \u00e9t\u00e9 tel que le march\u00e9 a \u00e9t\u00e9 rapatri\u00e9.<\/p>\n<p>Je vous remercie vraiment pour votre participation \u00e0 notre webinaire. Ce que je retiens concerne beaucoup l\u2019innovation d\u2019usage. Ici il s\u2019agit vraiment d\u2019une ma\u00eetrise et d\u2019une r\u00e9duction importante de l\u2019empreinte carbone des d\u00e9chets par le fait de devoir rapporter sa lampe pour pouvoir la recharger. L\u2019exemple que vous avez pris est d\u2019ailleurs extr\u00eamement significatif\u00a0: le fait que ce soit au sein d\u2019une \u00e9cole permet de cr\u00e9er une sorte d\u2019habitude contextuelle, de continuer \u00e0 d\u00e9velopper le collectif et de faire en sorte que l\u2019\u00e9colier soit en quelque sorte oblig\u00e9 d\u2019aller \u00e0 l\u2019\u00e9cole si la famille veut continuer \u00e0 b\u00e9n\u00e9ficier de cette lumi\u00e8re bien commode et \u00e0 bon march\u00e9. Je trouve cette conception extr\u00eamement intuitive, l\u2019innovation produisant ainsi de l\u2019innovation. Elle se construit sur le produit, puis sur le mod\u00e8le de fabrication\u00a0; l\u2019innovation d\u2019usage qui vient s\u2019y adjoindre ajoute une vraie pertinence \u00e0 cette solution.\u00a0Merci beaucoup pour cette r\u00e9flexion avanc\u00e9e.<\/p>\n<p>&nbsp;<\/p>\n<p><em>Pour prendre connaissance du support de pr\u00e9sentation de C. Le Ster, <a href=\"https:\/\/amenageurs-med.org\/wp-content\/uploads\/2021\/08\/3-4-LAGAZEL-C-Le-Ster.pdf\" target=\"_blank\" rel=\"noopener\">c&#8217;est par l\u00e0<\/a><\/em>[\/vc_column_text][\/vc_column][\/vc_row][vc_row][vc_column][vc_column_text][\/vc_column_text][\/vc_column][\/vc_row][vc_row][vc_column][vc_column_text][\/vc_column_text][\/vc_column][\/vc_row]<\/p>\n","protected":false},"excerpt":{"rendered":"<p>[vc_row][vc_column][vc_column_text]Apr\u00e8s la partie d\u00e9di\u00e9e aux solutions territoriales en M\u00e9diterran\u00e9e, nous poursuivons aujourd&#8217;hui la vision que procure l&#8217;expertise entrepreneuriale, avec, en troisi\u00e8me pr\u00e9sentation, une solution tr\u00e8s originale qui met en avant \u00e0 la fois l&#8217;innovation d&#8217;usage et l&#8217;innovation portant sur le mod\u00e8le de fabrication. Nous poursuivons donc les pr\u00e9sentations de la derni\u00e8re session d&#8217;interventions du second [&hellip;]<\/p>\n","protected":false},"author":3,"featured_media":6962,"comment_status":"closed","ping_status":"open","sticky":false,"template":"","format":"standard","meta":[],"categories":[66],"tags":[],"translation":{"provider":"WPGlobus","version":"2.8.11","language":"en","enabled_languages":["fr","en"],"languages":{"fr":{"title":true,"content":true,"excerpt":false},"en":{"title":false,"content":false,"excerpt":false}}},"_links":{"self":[{"href":"https:\/\/amenageurs-med.org\/en\/wp-json\/wp\/v2\/posts\/6958"}],"collection":[{"href":"https:\/\/amenageurs-med.org\/en\/wp-json\/wp\/v2\/posts"}],"about":[{"href":"https:\/\/amenageurs-med.org\/en\/wp-json\/wp\/v2\/types\/post"}],"author":[{"embeddable":true,"href":"https:\/\/amenageurs-med.org\/en\/wp-json\/wp\/v2\/users\/3"}],"replies":[{"embeddable":true,"href":"https:\/\/amenageurs-med.org\/en\/wp-json\/wp\/v2\/comments?post=6958"}],"version-history":[{"count":4,"href":"https:\/\/amenageurs-med.org\/en\/wp-json\/wp\/v2\/posts\/6958\/revisions"}],"predecessor-version":[{"id":7011,"href":"https:\/\/amenageurs-med.org\/en\/wp-json\/wp\/v2\/posts\/6958\/revisions\/7011"}],"wp:featuredmedia":[{"embeddable":true,"href":"https:\/\/amenageurs-med.org\/en\/wp-json\/wp\/v2\/media\/6962"}],"wp:attachment":[{"href":"https:\/\/amenageurs-med.org\/en\/wp-json\/wp\/v2\/media?parent=6958"}],"wp:term":[{"taxonomy":"category","embeddable":true,"href":"https:\/\/amenageurs-med.org\/en\/wp-json\/wp\/v2\/categories?post=6958"},{"taxonomy":"post_tag","embeddable":true,"href":"https:\/\/amenageurs-med.org\/en\/wp-json\/wp\/v2\/tags?post=6958"}],"curies":[{"name":"wp","href":"https:\/\/api.w.org\/{rel}","templated":true}]}}