{"id":6753,"date":"2021-05-04T09:08:27","date_gmt":"2021-05-04T07:08:27","guid":{"rendered":"https:\/\/amenageurs-med.org\/?p=6753"},"modified":"2021-06-11T09:45:26","modified_gmt":"2021-06-11T07:45:26","slug":"webinaire-avitem-leau-en-mediterranee-resilience-urbaine-et-solutions-innovantes-5-13","status":"publish","type":"post","link":"https:\/\/amenageurs-med.org\/en\/2021\/05\/04\/webinaire-avitem-leau-en-mediterranee-resilience-urbaine-et-solutions-innovantes-5-13\/","title":{"rendered":"Webinaire AVITEM\u00a0: l\u2019eau en M\u00e9diterran\u00e9e, r\u00e9silience urbaine et solutions innovantes &#8211; Ksar Tafilelt (5\/13)"},"content":{"rendered":"<p>[vc_row][vc_column][vc_column_text]Apr\u00e8s la mise en ligne des interventions de l&#8217;Ambassadeur Meunier qui a ouvert les d\u00e9bats, puis de nos trois orateurs de la premi\u00e8re session, nous allons maintenant pouvoir prendre connaissance des pr\u00e9sentations des orateurs de la seconde session, d\u00e9di\u00e9e aux sp\u00e9cificit\u00e9s des besoins identifi\u00e9s dans les territoires d&#8217;analyse : il s&#8217;agira du Ksar Tafilelt, bien s\u00fbr, mais aussi des villes de Marseille et d&#8217;Alger.<\/p>\n<p><em>Pour m\u00e9moire, le webinaire du 8 avril est le premier <span style=\"font-family: inherit; font-size: inherit; font-variant-ligatures: inherit; font-variant-caps: inherit; font-weight: inherit;\">d\u2019une s\u00e9rie de trois, destin\u00e9s \u00e0 traiter de la raret\u00e9 de ressources embl\u00e9matiques de la M\u00e9diterran\u00e9e, mais aussi des solutions, traditionnelles comme innovantes, qui s\u2019appliquent \u00e0 la recherche, \u00e0 la conservation et \u00e0 une gestion optimis\u00e9e de celles-ci. Les trois ressources que l\u2019AVITEM a d\u00e9cid\u00e9 d\u2019examiner sont l\u2019eau, l\u2019\u00e9nergie et les d\u00e9chets.<\/span><\/em><\/p>\n<p><strong>Intervention de Mustapha Tella\u00ef : Secr\u00e9taire g\u00e9n\u00e9ral de la fondation Amidoul &#8211; Ksar Tafilelt<\/strong><\/p>\n<p>Je voulais tout d\u2019abord remercier l\u2019AVITEM de s\u2019int\u00e9resser au Ksar Tafilelt. Je vais commencer mon intervention par une rapide pr\u00e9sentation de ce qu\u2019est Tafilelt et puis je me focaliserai sur ce qui se fait \u00e0 Tafilelt sur\u00a0 la question de l\u2019eau.<\/p>\n<p>Tafilelt c\u2019est un ksar, un ksar est un petit village au Sahara avec des caract\u00e9ristiques architecturales sp\u00e9cifique. Ce mod\u00e8le de village est propre \u00e0 l\u2019Afrique du Nord et qu\u2019on trouver en Alg\u00e9rie au Maroc, en Tunisie, en Libye et en Egypt. aussi. Autrefois, les villes du Sahara \u00e9taient des ensembles humains (des Ksar) s\u00e9par\u00e9s de 5 \u00e0 10 kilom\u00e8tres environ. Ksar Tafilelt se trouve dans le M\u2019Zab, qui est une r\u00e9gion situ\u00e9e \u00e0 environ 600 kilom\u00e8tres d\u2019Alger. La r\u00e9gion est tr\u00e8s connue pour son architecture, qui est class\u00e9e comme patrimoine universelle Par l\u2019UNESCO. \u00a0Notre amie Dr Bouali, sp\u00e9cialiste de la g\u00e9ographie oasienne, vous donnera plus de pr\u00e9cisions en ce sens.<\/p>\n<p>L\u2019urbanisme de Tafilelt, c\u2019est tout d\u2019abord une modernisation de l\u2019ancienne architecture mozabite, le ksar Tafilelt, a \u00e9t\u00e9 lanc\u00e9 en 1997. La volont\u00e9 premi\u00e8re a \u00e9t\u00e9 de donner la priorit\u00e9 \u00e0 l\u2019architecture, en modernisant le syst\u00e8me ksourien, ce qui veut dire s\u2019appuyer sur l\u2019architecture mill\u00e9naire du M\u2019Zab toute en l\u2019adaptant \u00e0 la vie moderne. Petit \u00e0 petit, nous nous sommes orient\u00e9s vers des maisons \u00e9cologiques \u00e9tant donn\u00e9 qu\u2019on utilisait d\u00e9j\u00e0 des mat\u00e9riaux \u00e9cologiques et que le syst\u00e8me architectural ksourien est tr\u00e8s adapt\u00e9 aux valeurs de l\u2019\u00e9cologie.<\/p>\n<p>Vous pouvez voir sur le diaporama que le ksar Tafilelt se caract\u00e9rise par des maisons serr\u00e9es, des ruelles \u00e9troites mais assez larges pour laisser passer une voiture. Dans le M\u2019Zab, il faut savoir qu\u2019il y a toujours la bipolarit\u00e9 traditionnelle entre Ksar et palmeraie. Dans notre cas, Pour respecter cette bipolarit\u00e9 \u00e0 \u00a0Tafilelt, on a pens\u00e9 \u00e0 une ceinture verte qui entoure tout le ksar\u00a0: la deuxi\u00e8me fonction de cette ceinture verte est servir comme espace accueillant tout un travail sur l\u2019environnement. La page 5 du diaporama pr\u00e9sente quelques illustrations de l\u2019\u00e9co-parc, qui contient \u00e9galement un espace vert d\u00e9di\u00e9 \u00a0des formations sur l\u2019\u00e9cologie au profit des habitants de Tafilelt\u00a0: les jeunes, comme les moins jeunes. Les associations de la r\u00e9gion\u00a0 participent \u00e0 l\u2019\u00e9volution du parc.<\/p>\n<p>Dans l\u2019Eco-Parc les visiteurs d\u00e9couvre des plantes des animaux \u2026. On profite de leur visite \u00a0pour les sensibiliser aux probl\u00e8mes d\u2019eau\u00a0: \u00e0 l\u2019\u00e9conomie de l\u2019eau dans leur vie courante mais aussi dans l\u2019agriculture, et le probl\u00e8me de la pollution des ressources souterraines. L\u2019\u00e9co-parc, accueille une petite station artisanale de traitement d\u2019eau. On y r\u00e9cup\u00e8re une petite partie de l\u2019eau de Tafilelt et on utilise un syst\u00e8me de phyto\u00e9puration pour traiter l\u2019eau \u00a0qui est ensuite r\u00e9utilis\u00e9e pour irriguer les espaces verts du ksar Tafilelt.<\/p>\n<p>Les analyses de l\u2019eau trait\u00e9e ont r\u00e9v\u00e9l\u00e9 qu\u2019elle est bien conforme aux normes alg\u00e9riennes d\u2019irrigation. Cependant, le probl\u00e8me qui se pose concerne la taille trop r\u00e9duite de la station, donc elle ne peut traiter qu\u2019un nombre limit\u00e9 de maison.<\/p>\n<p>Le ksar contient 1 000 logements et pr\u00e8s de 5 000 habitants et il est \u00e9vident qu\u2019une seule station de cette nature ne suffit pas \u00e0 recycler l&#8217;ensemble des eaux us\u00e9es de Tafilelt. Il a donc fallu \u00e9largir les recherches et regarder ce qui se fait \u00e0 ce niveau-l\u00e0 dans le monde. On a d\u00e9cid\u00e9 d\u2019adapter un proc\u00e9d\u00e9 canadien qui existe d\u00e9j\u00e0, et qui consiste en des petites stations d\u2019\u00e9puration d\u2019eau, prenant en charge environ 300 logements et 1 000 habitants chacune. On a pr\u00e9vu d\u2019installer trois stations autour de Tafilelt.<\/p>\n<p>Sur cette photo (p 7 du diaporama), vous pouvez voir au niveau des points blancs les endroits o\u00f9 nous avons pr\u00e9vu d\u2019implanter les stations. Ces stations fonctionnent sur la base d\u2019un proc\u00e9d\u00e9 de traitement par utilisation de bact\u00e9ries et l\u2019eau est ensuite r\u00e9utilisable aussi pour la consommation m\u00e9nag\u00e8re. Ce syst\u00e8me permet de d\u00e9centraliser le traitement de l\u2019eau et permet de r\u00e9duire les co\u00fbts. Par ailleurs, cette station a de nombreux avantages\u00a0: elle n\u2019a pas besoin d\u2019\u00eatre entretenue donc pas de sp\u00e9cialiste pour l\u2019entretien ou pour changer l\u2019appareil. Elle n\u2019a pas non plus besoin d\u2019\u00e9nergie puisqu\u2019elle fonctionne par des bact\u00e9ries, il faut juste l\u2019installer dans un endroit moins \u00e9lev\u00e9 que la source.<\/p>\n<p>La base de la gestion de l\u2019eau, pour nous passe essentiellement par la formation. A ce titre, l\u2019\u00e9co-parc nous permet de recevoir des personnes de tout \u00e2ge et de faire passer des messages sur l\u2019eau, son \u00e9conomie et m\u00eame sur l\u2019entretien de la cit\u00e9 en elle-m\u00eame. Mr Bzioui a dit plus t\u00f4t \u00e0 propos de Tafilelt \u00a0qu\u2019elle est le quartier le plus propre d\u2019Alg\u00e9rie, mais il faut savoir bien s\u00fbr que les journalistes ont toujours tendance \u00e0 exag\u00e9rer. Nous n\u2019oserions pas dire cela, mais nous essayons d\u2019arriver \u00e0 ce seuil. et surtout de conserver les anciennes valeurs du M\u2019Zab et les transmettre aux jeunes en les modernisant pour qu\u2019elles restent valables au 21\u00e8me si\u00e8cle.<\/p>\n<p>Pour avoir acc\u00e8s \u00e0 la pr\u00e9sentation de M. Mustapha Tella\u00ef, <a href=\"https:\/\/amenageurs-med.org\/wp-content\/uploads\/2021\/05\/2.1-Ksar-Tafilelt-Mustapha-Tellai\u0308.pdf\" target=\"_blank\" rel=\"noopener noreferrer\">c&#8217;est par la<\/a>[\/vc_column_text][\/vc_column][\/vc_row][vc_row][vc_column][vc_column_text][\/vc_column_text][\/vc_column][\/vc_row][vc_row][vc_column][vc_column_text][\/vc_column_text][\/vc_column][\/vc_row]<\/p>\n","protected":false},"excerpt":{"rendered":"<p>[vc_row][vc_column][vc_column_text]Apr\u00e8s la mise en ligne des interventions de l&#8217;Ambassadeur Meunier qui a ouvert les d\u00e9bats, puis de nos trois orateurs de la premi\u00e8re session, nous allons maintenant pouvoir prendre connaissance des pr\u00e9sentations des orateurs de la seconde session, d\u00e9di\u00e9e aux sp\u00e9cificit\u00e9s des besoins identifi\u00e9s dans les territoires d&#8217;analyse : il s&#8217;agira du Ksar Tafilelt, bien [&hellip;]<\/p>\n","protected":false},"author":3,"featured_media":6756,"comment_status":"closed","ping_status":"open","sticky":false,"template":"","format":"standard","meta":[],"categories":[61],"tags":[],"translation":{"provider":"WPGlobus","version":"2.8.11","language":"en","enabled_languages":["fr","en"],"languages":{"fr":{"title":true,"content":true,"excerpt":false},"en":{"title":false,"content":false,"excerpt":false}}},"_links":{"self":[{"href":"https:\/\/amenageurs-med.org\/en\/wp-json\/wp\/v2\/posts\/6753"}],"collection":[{"href":"https:\/\/amenageurs-med.org\/en\/wp-json\/wp\/v2\/posts"}],"about":[{"href":"https:\/\/amenageurs-med.org\/en\/wp-json\/wp\/v2\/types\/post"}],"author":[{"embeddable":true,"href":"https:\/\/amenageurs-med.org\/en\/wp-json\/wp\/v2\/users\/3"}],"replies":[{"embeddable":true,"href":"https:\/\/amenageurs-med.org\/en\/wp-json\/wp\/v2\/comments?post=6753"}],"version-history":[{"count":6,"href":"https:\/\/amenageurs-med.org\/en\/wp-json\/wp\/v2\/posts\/6753\/revisions"}],"predecessor-version":[{"id":6850,"href":"https:\/\/amenageurs-med.org\/en\/wp-json\/wp\/v2\/posts\/6753\/revisions\/6850"}],"wp:featuredmedia":[{"embeddable":true,"href":"https:\/\/amenageurs-med.org\/en\/wp-json\/wp\/v2\/media\/6756"}],"wp:attachment":[{"href":"https:\/\/amenageurs-med.org\/en\/wp-json\/wp\/v2\/media?parent=6753"}],"wp:term":[{"taxonomy":"category","embeddable":true,"href":"https:\/\/amenageurs-med.org\/en\/wp-json\/wp\/v2\/categories?post=6753"},{"taxonomy":"post_tag","embeddable":true,"href":"https:\/\/amenageurs-med.org\/en\/wp-json\/wp\/v2\/tags?post=6753"}],"curies":[{"name":"wp","href":"https:\/\/api.w.org\/{rel}","templated":true}]}}